{"id":163,"date":"2018-11-26T19:58:16","date_gmt":"2018-11-26T22:58:16","guid":{"rendered":"http:\/\/carlosmagarinos.com\/?p=163"},"modified":"2019-01-02T11:35:28","modified_gmt":"2019-01-02T14:35:28","slug":"la-inclusividad-al-poder","status":"publish","type":"post","link":"https:\/\/carlosmagarinos.com\/es\/la-inclusividad-al-poder\/","title":{"rendered":"La inclusividad al poder"},"content":{"rendered":"<p>Cada vez m\u00e1s, las protestas y los nuevos canales de participaci\u00f3n pol\u00edtica se dirigen contra las formas autoritarias de ejercicio del poder, contra la manera excluyente que establece barreras de acceso a las decisiones y a favor de un poder m\u00e1s inclusivo, abierto a la participaci\u00f3n, equilibrado, distribuido, lateral y accesible para la comunidad en su conjunto.\u00a0Las condiciones de los l\u00edderes para ejercer uno y otro tipo de poder son claramente distintas.<\/p>\n<p>En ese contexto, es probable que los niveles de representaci\u00f3n pol\u00edtica m\u00e1s pr\u00f3ximos a los ciudadanos, como los gobiernos municipales, ganen relevancia y se vuelvan estrat\u00e9gicos en la tarea de disolver el desencanto con la pol\u00edtica y los pol\u00edticos que envuelve a gran parte de los ciudadanos en todo el mundo.<\/p>\n<p>Es posible que los gobiernos se vean tentados \u2013si no obligados\u2013 a descentralizar parte del poder concentrado en el nivel de decisiones nacionales fortaleciendo la capacidad decisoria de los gobiernos estaduales o municipales, no ya para reducir gastos\u00a0 como ha sido el caso en pasado reciente, sino como una forma de ganar legitimidad pol\u00edtica.<\/p>\n<blockquote>\n<p style=\"text-align: center;\"><strong>Acercar el proceso de toma de decisiones a los ciudadanos, all\u00ed donde ellos se encuentran, tiene el potencial de comprometerlos con lo mejor de la pol\u00edtica: la capacidad de organizar consensos y tomar decisiones colectivas respetando y protegiendo a las minor\u00edas.<\/strong><\/p>\n<\/blockquote>\n<p>El modelo de representaci\u00f3n pol\u00edtica en el siglo XXI estar\u00e1 sin duda determinado por el imperativo democr\u00e1tico de renovar el compromiso con el pueblo y su participaci\u00f3n pol\u00edtica a trav\u00e9s de soluciones pr\u00e1cticas y concretas para los problemas cotidianos que m\u00e1s preocupan a la gente.<\/p>","protected":false},"excerpt":{"rendered":"<p>Cada vez m\u00e1s, las protestas y los nuevos canales de participaci\u00f3n pol\u00edtica se dirigen contra las formas autoritarias de ejercicio del poder, contra la manera excluyente que establece barreras de acceso a las decisiones y a favor de un poder m\u00e1s inclusivo, abierto a la participaci\u00f3n, equilibrado, distribuido, lateral y accesible para la comunidad en [&hellip;]<\/p>\n","protected":false},"author":1,"featured_media":265,"comment_status":"open","ping_status":"open","sticky":false,"template":"","format":"standard","meta":{"_acf_changed":false,"footnotes":""},"categories":[2,5],"tags":[],"class_list":["post-163","post","type-post","status-publish","format-standard","has-post-thumbnail","hentry","category-topics","category-digital-democracy-how-to-adapt"],"acf":[],"_links":{"self":[{"href":"https:\/\/carlosmagarinos.com\/es\/wp-json\/wp\/v2\/posts\/163","targetHints":{"allow":["GET"]}}],"collection":[{"href":"https:\/\/carlosmagarinos.com\/es\/wp-json\/wp\/v2\/posts"}],"about":[{"href":"https:\/\/carlosmagarinos.com\/es\/wp-json\/wp\/v2\/types\/post"}],"author":[{"embeddable":true,"href":"https:\/\/carlosmagarinos.com\/es\/wp-json\/wp\/v2\/users\/1"}],"replies":[{"embeddable":true,"href":"https:\/\/carlosmagarinos.com\/es\/wp-json\/wp\/v2\/comments?post=163"}],"version-history":[{"count":5,"href":"https:\/\/carlosmagarinos.com\/es\/wp-json\/wp\/v2\/posts\/163\/revisions"}],"predecessor-version":[{"id":722,"href":"https:\/\/carlosmagarinos.com\/es\/wp-json\/wp\/v2\/posts\/163\/revisions\/722"}],"wp:featuredmedia":[{"embeddable":true,"href":"https:\/\/carlosmagarinos.com\/es\/wp-json\/wp\/v2\/media\/265"}],"wp:attachment":[{"href":"https:\/\/carlosmagarinos.com\/es\/wp-json\/wp\/v2\/media?parent=163"}],"wp:term":[{"taxonomy":"category","embeddable":true,"href":"https:\/\/carlosmagarinos.com\/es\/wp-json\/wp\/v2\/categories?post=163"},{"taxonomy":"post_tag","embeddable":true,"href":"https:\/\/carlosmagarinos.com\/es\/wp-json\/wp\/v2\/tags?post=163"}],"curies":[{"name":"wp","href":"https:\/\/api.w.org\/{rel}","templated":true}]}}