{"id":159,"date":"2018-11-26T19:53:18","date_gmt":"2018-11-26T22:53:18","guid":{"rendered":"http:\/\/carlosmagarinos.com\/?p=159"},"modified":"2018-12-31T06:42:10","modified_gmt":"2018-12-31T09:42:10","slug":"participacion-y-manifestacion-ciudadana","status":"publish","type":"post","link":"https:\/\/carlosmagarinos.com\/es\/participacion-y-manifestacion-ciudadana\/","title":{"rendered":"Participaci\u00f3n ciudadana y manifestaciones organizadas espont\u00e1neamente"},"content":{"rendered":"<p>Los ciudadanos reclaman vivamente ser tenidos en cuenta m\u00e1s all\u00e1 de las rondas de elecciones que tienen lugar peri\u00f3dicamente y, aunque las movilizaciones masivas de car\u00e1cter global, organizadas de manera espont\u00e1nea, por los ciudadanos, son dif\u00edciles de mantener en el tiempo, ellas constituyen sin duda ya, un hecho pol\u00edtico de la nueva \u00e9poca.<\/p>\n<p>As\u00ed lo atestiguaron tambi\u00e9n los ciudadanos de Am\u00e9rica Latina cuando a mediados de la d\u00e9cada reclamaban educaci\u00f3n universitaria p\u00fablica y gratuita en Chile o rebajas en las tarifas de transporte en Brasil, movilizando a los gobiernos para ofrecer respuestas a los manifestantes.<\/p>\n<p><strong>Hasta ahora las protestas globales han sido m\u00e1s eficaces para \u201cbloquear\u201d un gobierno o plantear oposici\u00f3n a medidas concretas que para \u201cconstruir\u201d una nueva forma de relaci\u00f3n pol\u00edtica.<\/strong><\/p>\n<p>Tal vez eso sea una consecuencia derivada naturalmente dos hechos bien definidos: por un lado, estamos en presencia de un planteo pol\u00edtico que va m\u00e1s alla de la tradicional competencia del siglo pasado entre izquierda y derecha o del estado versus el mercado y, por el otro, la nueva \u201cdemocracia digital\u201d que permite convocar manifestaciones masivas de manera espont\u00e1nea, carece a\u00fan de instituciones.<\/p>\n<p>En esta nueva \u00e9poca las protestas parecen plantear una divisoria de aguas entre quienes ejercen el poder de manera vertical, jer\u00e1rquica y excluyente y los que buscan un poder pol\u00edtico horizontal, cooperativo y transparente.<\/p>\n<p>Lo notable es que las nuevas formas de expresi\u00f3n pol\u00edtica parecen organizarse espont\u00e1neamente desde distintos estamentos sociales \u2013sin importar el nivel de ingreso ni el grado de desarrollo pol\u00edtico de las sociedades donde tienen lugar\u2013 en vez de hacerlo desde partidos pol\u00edticos tradicionles o estructuras pol\u00edticas formales.<\/p>\n<p>Sin duda, ese fen\u00f3meno se vincula con el hecho de que lo que se reclama es m\u00e1s participaci\u00f3n ciudadana en las decisiones. Esos reclamos no est\u00e1n organizados siguiendo los patrones tradicionales del siglo XX entre manifestantes de izquierda o derecha. Y presentan un desaf\u00edo a los partidos pol\u00edticos, que deben trabajar para acortar la brecha entre sus dirigentes y los ciudadanos que pretende representar.<\/p>\n<p>Esta es la raz\u00f3n por la que nuevos partidos pol\u00edticos o nuevos dirigentes, la mayor\u00eda de las veces con discursos disruptivos, alcanzan posiciones de liderazgo. La democracia latinoamericana no es ajena a este fen\u00f3meno.<\/p>","protected":false},"excerpt":{"rendered":"<p>Los ciudadanos reclaman vivamente ser tenidos en cuenta m\u00e1s all\u00e1 de las rondas de elecciones que tienen lugar peri\u00f3dicamente y, aunque las movilizaciones masivas de car\u00e1cter global, organizadas de manera espont\u00e1nea, por los ciudadanos, son dif\u00edciles de mantener en el tiempo, ellas constituyen sin duda ya, un hecho pol\u00edtico de la nueva \u00e9poca. As\u00ed lo [&hellip;]<\/p>\n","protected":false},"author":1,"featured_media":265,"comment_status":"open","ping_status":"open","sticky":false,"template":"","format":"standard","meta":{"_acf_changed":false,"footnotes":""},"categories":[2,5],"tags":[],"class_list":["post-159","post","type-post","status-publish","format-standard","has-post-thumbnail","hentry","category-topics","category-digital-democracy-how-to-adapt"],"acf":[],"_links":{"self":[{"href":"https:\/\/carlosmagarinos.com\/es\/wp-json\/wp\/v2\/posts\/159","targetHints":{"allow":["GET"]}}],"collection":[{"href":"https:\/\/carlosmagarinos.com\/es\/wp-json\/wp\/v2\/posts"}],"about":[{"href":"https:\/\/carlosmagarinos.com\/es\/wp-json\/wp\/v2\/types\/post"}],"author":[{"embeddable":true,"href":"https:\/\/carlosmagarinos.com\/es\/wp-json\/wp\/v2\/users\/1"}],"replies":[{"embeddable":true,"href":"https:\/\/carlosmagarinos.com\/es\/wp-json\/wp\/v2\/comments?post=159"}],"version-history":[{"count":4,"href":"https:\/\/carlosmagarinos.com\/es\/wp-json\/wp\/v2\/posts\/159\/revisions"}],"predecessor-version":[{"id":687,"href":"https:\/\/carlosmagarinos.com\/es\/wp-json\/wp\/v2\/posts\/159\/revisions\/687"}],"wp:featuredmedia":[{"embeddable":true,"href":"https:\/\/carlosmagarinos.com\/es\/wp-json\/wp\/v2\/media\/265"}],"wp:attachment":[{"href":"https:\/\/carlosmagarinos.com\/es\/wp-json\/wp\/v2\/media?parent=159"}],"wp:term":[{"taxonomy":"category","embeddable":true,"href":"https:\/\/carlosmagarinos.com\/es\/wp-json\/wp\/v2\/categories?post=159"},{"taxonomy":"post_tag","embeddable":true,"href":"https:\/\/carlosmagarinos.com\/es\/wp-json\/wp\/v2\/tags?post=159"}],"curies":[{"name":"wp","href":"https:\/\/api.w.org\/{rel}","templated":true}]}}