{"id":146,"date":"2018-11-26T19:43:07","date_gmt":"2018-11-26T22:43:07","guid":{"rendered":"http:\/\/carlosmagarinos.com\/?p=146"},"modified":"2018-12-03T11:33:51","modified_gmt":"2018-12-03T14:33:51","slug":"desafios-de-la-era-de-la-informacion","status":"publish","type":"post","link":"https:\/\/carlosmagarinos.com\/es\/desafios-de-la-era-de-la-informacion\/","title":{"rendered":"Desaf\u00edos de la era de la informaci\u00f3n"},"content":{"rendered":"<p>El lenguaje, la rueda, la p\u00f3lvora, el arado, la imprenta, la electricidad, el tel\u00e9fono, la penicilina. Los historiadores no se ponen de acuerdo. \u00bfCu\u00e1l fue el invento m\u00e1s importante? \u00bfCu\u00e1l fue el m\u00e1s transformador?<\/p>\n<p>Si evalu\u00e1ramos por su utilidad, lo cierto es que ninguna otra creaci\u00f3n tuvo tanta incidencia sobre la calidad de vida como la m\u00e1quina de vapor. Al sustituir el uso de la energ\u00eda humana y animal, y multiplicar hasta el infinito la fuerza del m\u00fasculo, la aparici\u00f3n de la m\u00e1quina de vapor cambi\u00f3 sustancialmente la l\u00ednea hist\u00f3rica de la humanidad.<\/p>\n<blockquote>\n<p style=\"text-align: center;\"><strong>Hoy estamos viviendo otro salto radical en la historia del hombre: la m\u00e1quina de vapor de nuestra era es la revoluci\u00f3n de la inform\u00e1tica y las comunicaciones. As\u00ed como las m\u00e1quinas potenciaron la fuerza de nuestros m\u00fasculos, las computadoras e internet est\u00e1n llevando hasta l\u00edmites insospechados la capacidad de nuestro cerebro, tal como lo plantean los catedr\u00e1ticos del MIT Brynjolfsson y McAfee en \u201cLa segunda era de las m\u00e1quinas\u201d.<\/strong><\/p>\n<\/blockquote>\n<p>Se espera que en los pr\u00f3ximos cinco a\u00f1os el n\u00famero de conexiones a la red se triplique, y que en una d\u00e9cada m\u00e1s tengamos unos 7000 millones de personas conectadas. Este fen\u00f3meno est\u00e1 modificando todos los \u00e1mbitos de funcionamiento de la sociedad, creando nuevas formas de trabajo y nuevos empleos, nuevos modelos de negocios, nuevos relacionamientos en la sociedad y nuevas formas de expresi\u00f3n social.<\/p>\n<p>As\u00ed como ocurri\u00f3 con la Revoluci\u00f3n Industrial, el progreso en la \u201cera del conocimiento\u201d trajo y traer\u00e1 nuevos problemas e inmensos desaf\u00edos.<\/p>\n<p>Si retrocedi\u00e9ramos hasta el a\u00f1o 2000 e intent\u00e1ramos pronosticar lo que pasar\u00eda en t\u00e9rminos econ\u00f3micos, culturales y tecnol\u00f3gicos en los siguientes quince a\u00f1os, nos resultar\u00eda casi imposible predecir los m\u00faltiples desarrollos que tuvieron lugar.<\/p>\n<p>\u00bfQui\u00e9n hubiese imaginado por entonces el enorme desarrollo de las redes sociales, cuando a\u00fan no se hab\u00edan creado siquiera Facebook o Twitter? \u00bfCu\u00e1ntos cre\u00edan que Corea ser\u00eda la gran potencia tecnol\u00f3gica que es y que China le pisar\u00eda los talones a Estados Unidos como la primera econom\u00eda del mundo? \u00bfQui\u00e9n pod\u00eda sospechar que se terminar\u00eda de cartografiar el mapa gen\u00e9tico? \u00bfC\u00f3mo adivinar que llegar\u00edamos a 2015 con m\u00e1s tel\u00e9fonos celulares que personas en el mundo?<\/p>","protected":false},"excerpt":{"rendered":"<p>El lenguaje, la rueda, la p\u00f3lvora, el arado, la imprenta, la electricidad, el tel\u00e9fono, la penicilina. Los historiadores no se ponen de acuerdo. \u00bfCu\u00e1l fue el invento m\u00e1s importante? \u00bfCu\u00e1l fue el m\u00e1s transformador? Si evalu\u00e1ramos por su utilidad, lo cierto es que ninguna otra creaci\u00f3n tuvo tanta incidencia sobre la calidad de vida como [&hellip;]<\/p>\n","protected":false},"author":1,"featured_media":247,"comment_status":"open","ping_status":"open","sticky":false,"template":"","format":"standard","meta":{"_acf_changed":false,"footnotes":""},"categories":[4,2],"tags":[],"class_list":["post-146","post","type-post","status-publish","format-standard","has-post-thumbnail","hentry","category-borderless-change","category-topics"],"acf":[],"_links":{"self":[{"href":"https:\/\/carlosmagarinos.com\/es\/wp-json\/wp\/v2\/posts\/146","targetHints":{"allow":["GET"]}}],"collection":[{"href":"https:\/\/carlosmagarinos.com\/es\/wp-json\/wp\/v2\/posts"}],"about":[{"href":"https:\/\/carlosmagarinos.com\/es\/wp-json\/wp\/v2\/types\/post"}],"author":[{"embeddable":true,"href":"https:\/\/carlosmagarinos.com\/es\/wp-json\/wp\/v2\/users\/1"}],"replies":[{"embeddable":true,"href":"https:\/\/carlosmagarinos.com\/es\/wp-json\/wp\/v2\/comments?post=146"}],"version-history":[{"count":3,"href":"https:\/\/carlosmagarinos.com\/es\/wp-json\/wp\/v2\/posts\/146\/revisions"}],"predecessor-version":[{"id":335,"href":"https:\/\/carlosmagarinos.com\/es\/wp-json\/wp\/v2\/posts\/146\/revisions\/335"}],"wp:featuredmedia":[{"embeddable":true,"href":"https:\/\/carlosmagarinos.com\/es\/wp-json\/wp\/v2\/media\/247"}],"wp:attachment":[{"href":"https:\/\/carlosmagarinos.com\/es\/wp-json\/wp\/v2\/media?parent=146"}],"wp:term":[{"taxonomy":"category","embeddable":true,"href":"https:\/\/carlosmagarinos.com\/es\/wp-json\/wp\/v2\/categories?post=146"},{"taxonomy":"post_tag","embeddable":true,"href":"https:\/\/carlosmagarinos.com\/es\/wp-json\/wp\/v2\/tags?post=146"}],"curies":[{"name":"wp","href":"https:\/\/api.w.org\/{rel}","templated":true}]}}